{"id":16,"date":"2022-09-10T10:41:00","date_gmt":"2022-09-10T10:41:00","guid":{"rendered":"http:\/\/cirefluvial.com\/nuevarevista\/?p=16"},"modified":"2024-05-23T14:10:23","modified_gmt":"2024-05-23T14:10:23","slug":"espacios-de-gobernanza-para-la-adaptacion-al-cambio-global-en-rios-mediterraneos-el-proyecto-redapta-en-las-cuencas-de-los-rios-tordera-y-serpis","status":"publish","type":"post","link":"https:\/\/restaurarios.es\/en\/espacios-de-gobernanza-para-la-adaptacion-al-cambio-global-en-rios-mediterraneos-el-proyecto-redapta-en-las-cuencas-de-los-rios-tordera-y-serpis\/","title":{"rendered":"Governance spaces for adaptation to global change in Mediterranean rivers: the REDAPTA project in the basins of the Tordera and Serpis rivers"},"content":{"rendered":"<p>The REDAPTA project, \u201cSpaces of Governance for the Adaptation to Global Change in Mediterranean Rivers\u201d, developed its activities simultaneously in the Tordera (Catalonia) and Serpis (Valencia Region) river basins. The project worked in collaboration with two \u201cspaces of governance\u201d in the two basins: the \u201cTaula del Delta i de la Baixa Tordera\u201d and the \u201cPlataforma Ciutadana per a la Defensa del Riu Serpis\u201d. The methodology used aimed at fostering knowledge exchange and deliberation, delivering an adaptation strategy for the basins including ten measures co-produced with stakeholders. The second result of the REDAPTA project is a handbook describing the concepts and approach used, the main methodological steps of the co-design process and the lessons learned during its implementation. To raise awareness and showcase the importance of public engagement in river monitoring, field visits were organised in the Tordera and the Serpis rivers, including capacity building activities. The participants were able to get to know a river stretch and, by using digital tools developed by the project teams, they could record some observations and indicators for a basic characterisation. Finally, aiming to promote this innovative approach, the project encouraged the exchange of experiences between different organisations in a specific seminar and explored their interest in creating an \u201cIberian Network of Spaces of Governance for Water Management\u201d.<\/p>","protected":false},"excerpt":{"rendered":"","protected":false},"author":1,"featured_media":15,"comment_status":"closed","ping_status":"closed","sticky":false,"template":"","format":"standard","meta":{"_acf_changed":false,"footnotes":""},"categories":[3],"tags":[6,7,8,5,9],"class_list":["post-16","post","type-post","status-publish","format-standard","has-post-thumbnail","hentry","category-volumen-2","tag-adaptacion","tag-cambio-climatico","tag-co-diseno","tag-gobernanza","tag-plataforma-multisectorial"],"acf":[],"gutentor_comment":0,"yoast_head":"<!-- This site is optimized with the Yoast SEO plugin v23.8 - https:\/\/yoast.com\/wordpress\/plugins\/seo\/ -->\n<title>Espacios de gobernanza para la adaptaci\u00f3n al cambio global en r\u00edos mediterr\u00e1neos: el proyecto REDAPTA en las cuencas de los r\u00edos Tordera y Serpis - Revista RestauraRios - CIREF<\/title>\n<meta name=\"robots\" content=\"index, follow, max-snippet:-1, max-image-preview:large, max-video-preview:-1\" \/>\n<link rel=\"canonical\" href=\"https:\/\/restaurarios.es\/en\/espacios-de-gobernanza-para-la-adaptacion-al-cambio-global-en-rios-mediterraneos-el-proyecto-redapta-en-las-cuencas-de-los-rios-tordera-y-serpis\/\" \/>\n<meta property=\"og:locale\" content=\"en_GB\" \/>\n<meta property=\"og:type\" content=\"article\" \/>\n<meta property=\"og:title\" content=\"Espacios de gobernanza para la adaptaci\u00f3n al cambio global en r\u00edos mediterr\u00e1neos: el proyecto REDAPTA en las cuencas de los r\u00edos Tordera y Serpis - Revista RestauraRios - CIREF\" \/>\n<meta property=\"og:url\" content=\"https:\/\/restaurarios.es\/en\/espacios-de-gobernanza-para-la-adaptacion-al-cambio-global-en-rios-mediterraneos-el-proyecto-redapta-en-las-cuencas-de-los-rios-tordera-y-serpis\/\" \/>\n<meta property=\"og:site_name\" content=\"Revista RestauraRios - CIREF\" \/>\n<meta property=\"article:published_time\" content=\"2022-09-10T10:41:00+00:00\" \/>\n<meta property=\"article:modified_time\" content=\"2024-05-23T14:10:23+00:00\" \/>\n<meta property=\"og:image\" content=\"https:\/\/restaurarios.es\/wp-content\/uploads\/2022\/07\/restaurarios-02-portada-pichi.jpg\" \/>\n\t<meta property=\"og:image:width\" content=\"640\" \/>\n\t<meta property=\"og:image:height\" content=\"904\" \/>\n\t<meta property=\"og:image:type\" content=\"image\/jpeg\" \/>\n<meta name=\"author\" content=\"fixer\" \/>\n<meta name=\"twitter:card\" content=\"summary_large_image\" \/>\n<meta name=\"twitter:label1\" content=\"Written by\" \/>\n\t<meta name=\"twitter:data1\" content=\"fixer\" \/>\n\t<meta name=\"twitter:label2\" content=\"Estimated reading time\" \/>\n\t<meta name=\"twitter:data2\" content=\"1 minute\" \/>\n<script type=\"application\/ld+json\" class=\"yoast-schema-graph\">{\"@context\":\"https:\/\/schema.org\",\"@graph\":[{\"@type\":\"Article\",\"@id\":\"https:\/\/restaurarios.es\/espacios-de-gobernanza-para-la-adaptacion-al-cambio-global-en-rios-mediterraneos-el-proyecto-redapta-en-las-cuencas-de-los-rios-tordera-y-serpis\/#article\",\"isPartOf\":{\"@id\":\"https:\/\/restaurarios.es\/espacios-de-gobernanza-para-la-adaptacion-al-cambio-global-en-rios-mediterraneos-el-proyecto-redapta-en-las-cuencas-de-los-rios-tordera-y-serpis\/\"},\"author\":{\"name\":\"fixer\",\"@id\":\"https:\/\/restaurarios.es\/#\/schema\/person\/9c0a72e763764be8ca350ac61d81581d\"},\"headline\":\"Espacios de gobernanza para la adaptaci\u00f3n al cambio global en r\u00edos mediterr\u00e1neos: el proyecto REDAPTA en las cuencas de los r\u00edos Tordera y Serpis\",\"datePublished\":\"2022-09-10T10:41:00+00:00\",\"dateModified\":\"2024-05-23T14:10:23+00:00\",\"mainEntityOfPage\":{\"@id\":\"https:\/\/restaurarios.es\/espacios-de-gobernanza-para-la-adaptacion-al-cambio-global-en-rios-mediterraneos-el-proyecto-redapta-en-las-cuencas-de-los-rios-tordera-y-serpis\/\"},\"wordCount\":301,\"publisher\":{\"@id\":\"https:\/\/restaurarios.es\/#organization\"},\"image\":{\"@id\":\"https:\/\/restaurarios.es\/espacios-de-gobernanza-para-la-adaptacion-al-cambio-global-en-rios-mediterraneos-el-proyecto-redapta-en-las-cuencas-de-los-rios-tordera-y-serpis\/#primaryimage\"},\"thumbnailUrl\":\"https:\/\/restaurarios.es\/wp-content\/uploads\/2022\/07\/restaurarios-02-portada-pichi.jpg\",\"keywords\":[\"Adaptaci\u00f3n\",\"Cambio clim\u00e1tico\",\"Co-dise\u00f1o\",\"Gobernanza\",\"Plataforma-multisectorial\"],\"articleSection\":[\"Volumen 2 (2021)\"],\"inLanguage\":\"en-GB\"},{\"@type\":\"WebPage\",\"@id\":\"https:\/\/restaurarios.es\/espacios-de-gobernanza-para-la-adaptacion-al-cambio-global-en-rios-mediterraneos-el-proyecto-redapta-en-las-cuencas-de-los-rios-tordera-y-serpis\/\",\"url\":\"https:\/\/restaurarios.es\/espacios-de-gobernanza-para-la-adaptacion-al-cambio-global-en-rios-mediterraneos-el-proyecto-redapta-en-las-cuencas-de-los-rios-tordera-y-serpis\/\",\"name\":\"Espacios de gobernanza para la adaptaci\u00f3n al cambio global en r\u00edos mediterr\u00e1neos: el proyecto REDAPTA en las cuencas de los r\u00edos Tordera y Serpis - Revista RestauraRios - CIREF\",\"isPartOf\":{\"@id\":\"https:\/\/restaurarios.es\/#website\"},\"primaryImageOfPage\":{\"@id\":\"https:\/\/restaurarios.es\/espacios-de-gobernanza-para-la-adaptacion-al-cambio-global-en-rios-mediterraneos-el-proyecto-redapta-en-las-cuencas-de-los-rios-tordera-y-serpis\/#primaryimage\"},\"image\":{\"@id\":\"https:\/\/restaurarios.es\/espacios-de-gobernanza-para-la-adaptacion-al-cambio-global-en-rios-mediterraneos-el-proyecto-redapta-en-las-cuencas-de-los-rios-tordera-y-serpis\/#primaryimage\"},\"thumbnailUrl\":\"https:\/\/restaurarios.es\/wp-content\/uploads\/2022\/07\/restaurarios-02-portada-pichi.jpg\",\"datePublished\":\"2022-09-10T10:41:00+00:00\",\"dateModified\":\"2024-05-23T14:10:23+00:00\",\"breadcrumb\":{\"@id\":\"https:\/\/restaurarios.es\/espacios-de-gobernanza-para-la-adaptacion-al-cambio-global-en-rios-mediterraneos-el-proyecto-redapta-en-las-cuencas-de-los-rios-tordera-y-serpis\/#breadcrumb\"},\"inLanguage\":\"en-GB\",\"potentialAction\":[{\"@type\":\"ReadAction\",\"target\":[\"https:\/\/restaurarios.es\/espacios-de-gobernanza-para-la-adaptacion-al-cambio-global-en-rios-mediterraneos-el-proyecto-redapta-en-las-cuencas-de-los-rios-tordera-y-serpis\/\"]}]},{\"@type\":\"ImageObject\",\"inLanguage\":\"en-GB\",\"@id\":\"https:\/\/restaurarios.es\/espacios-de-gobernanza-para-la-adaptacion-al-cambio-global-en-rios-mediterraneos-el-proyecto-redapta-en-las-cuencas-de-los-rios-tordera-y-serpis\/#primaryimage\",\"url\":\"https:\/\/restaurarios.es\/wp-content\/uploads\/2022\/07\/restaurarios-02-portada-pichi.jpg\",\"contentUrl\":\"https:\/\/restaurarios.es\/wp-content\/uploads\/2022\/07\/restaurarios-02-portada-pichi.jpg\",\"width\":640,\"height\":904,\"caption\":\"Portada revista 2\"},{\"@type\":\"BreadcrumbList\",\"@id\":\"https:\/\/restaurarios.es\/espacios-de-gobernanza-para-la-adaptacion-al-cambio-global-en-rios-mediterraneos-el-proyecto-redapta-en-las-cuencas-de-los-rios-tordera-y-serpis\/#breadcrumb\",\"itemListElement\":[{\"@type\":\"ListItem\",\"position\":1,\"name\":\"Portada\",\"item\":\"https:\/\/restaurarios.es\/\"},{\"@type\":\"ListItem\",\"position\":2,\"name\":\"Espacios de gobernanza para la adaptaci\u00f3n al cambio global en r\u00edos mediterr\u00e1neos: el proyecto REDAPTA en las cuencas de los r\u00edos Tordera y Serpis\"}]},{\"@type\":\"WebSite\",\"@id\":\"https:\/\/restaurarios.es\/#website\",\"url\":\"https:\/\/restaurarios.es\/\",\"name\":\"Revista RestauraRios - CIREF\",\"description\":\"Revista de conservaci\u00f3n y restauraci\u00f3n fluvial\",\"publisher\":{\"@id\":\"https:\/\/restaurarios.es\/#organization\"},\"potentialAction\":[{\"@type\":\"SearchAction\",\"target\":{\"@type\":\"EntryPoint\",\"urlTemplate\":\"https:\/\/restaurarios.es\/?s={search_term_string}\"},\"query-input\":{\"@type\":\"PropertyValueSpecification\",\"valueRequired\":true,\"valueName\":\"search_term_string\"}}],\"inLanguage\":\"en-GB\"},{\"@type\":\"Organization\",\"@id\":\"https:\/\/restaurarios.es\/#organization\",\"name\":\"Revista RestauraRios - CIREF\",\"url\":\"https:\/\/restaurarios.es\/\",\"logo\":{\"@type\":\"ImageObject\",\"inLanguage\":\"en-GB\",\"@id\":\"https:\/\/restaurarios.es\/#\/schema\/logo\/image\/\",\"url\":\"https:\/\/restaurarios.es\/wp-content\/uploads\/2022\/07\/cabecera-960px.jpg\",\"contentUrl\":\"https:\/\/restaurarios.es\/wp-content\/uploads\/2022\/07\/cabecera-960px.jpg\",\"width\":960,\"height\":214,\"caption\":\"Revista RestauraRios - CIREF\"},\"image\":{\"@id\":\"https:\/\/restaurarios.es\/#\/schema\/logo\/image\/\"}},{\"@type\":\"Person\",\"@id\":\"https:\/\/restaurarios.es\/#\/schema\/person\/9c0a72e763764be8ca350ac61d81581d\",\"name\":\"fixer\",\"image\":{\"@type\":\"ImageObject\",\"inLanguage\":\"en-GB\",\"@id\":\"https:\/\/restaurarios.es\/#\/schema\/person\/image\/\",\"url\":\"https:\/\/secure.gravatar.com\/avatar\/56f32ef8ea937be7ae878c3db40e980c3e945311aa3045db59fa797cc9ae49ab?s=96&d=mm&r=g\",\"contentUrl\":\"https:\/\/secure.gravatar.com\/avatar\/56f32ef8ea937be7ae878c3db40e980c3e945311aa3045db59fa797cc9ae49ab?s=96&d=mm&r=g\",\"caption\":\"fixer\"},\"sameAs\":[\"http:\/\/cirefluvial.com\/nuevarevista\"],\"url\":\"https:\/\/restaurarios.es\/en\/author\/fixer\/\"}]}<\/script>\n<!-- \/ Yoast SEO plugin. -->","yoast_head_json":{"title":"Espacios de gobernanza para la adaptaci\u00f3n al cambio global en r\u00edos mediterr\u00e1neos: el proyecto REDAPTA en las cuencas de los r\u00edos Tordera y Serpis - Revista RestauraRios - CIREF","robots":{"index":"index","follow":"follow","max-snippet":"max-snippet:-1","max-image-preview":"max-image-preview:large","max-video-preview":"max-video-preview:-1"},"canonical":"https:\/\/restaurarios.es\/en\/espacios-de-gobernanza-para-la-adaptacion-al-cambio-global-en-rios-mediterraneos-el-proyecto-redapta-en-las-cuencas-de-los-rios-tordera-y-serpis\/","og_locale":"en_GB","og_type":"article","og_title":"Espacios de gobernanza para la adaptaci\u00f3n al cambio global en r\u00edos mediterr\u00e1neos: el proyecto REDAPTA en las cuencas de los r\u00edos Tordera y Serpis - Revista RestauraRios - CIREF","og_url":"https:\/\/restaurarios.es\/en\/espacios-de-gobernanza-para-la-adaptacion-al-cambio-global-en-rios-mediterraneos-el-proyecto-redapta-en-las-cuencas-de-los-rios-tordera-y-serpis\/","og_site_name":"Revista RestauraRios - CIREF","article_published_time":"2022-09-10T10:41:00+00:00","article_modified_time":"2024-05-23T14:10:23+00:00","og_image":[{"width":640,"height":904,"url":"https:\/\/restaurarios.es\/wp-content\/uploads\/2022\/07\/restaurarios-02-portada-pichi.jpg","type":"image\/jpeg"}],"author":"fixer","twitter_card":"summary_large_image","twitter_misc":{"Written by":"fixer","Estimated reading time":"1 minute"},"schema":{"@context":"https:\/\/schema.org","@graph":[{"@type":"Article","@id":"https:\/\/restaurarios.es\/espacios-de-gobernanza-para-la-adaptacion-al-cambio-global-en-rios-mediterraneos-el-proyecto-redapta-en-las-cuencas-de-los-rios-tordera-y-serpis\/#article","isPartOf":{"@id":"https:\/\/restaurarios.es\/espacios-de-gobernanza-para-la-adaptacion-al-cambio-global-en-rios-mediterraneos-el-proyecto-redapta-en-las-cuencas-de-los-rios-tordera-y-serpis\/"},"author":{"name":"fixer","@id":"https:\/\/restaurarios.es\/#\/schema\/person\/9c0a72e763764be8ca350ac61d81581d"},"headline":"Espacios de gobernanza para la adaptaci\u00f3n al cambio global en r\u00edos mediterr\u00e1neos: el proyecto REDAPTA en las cuencas de los r\u00edos Tordera y Serpis","datePublished":"2022-09-10T10:41:00+00:00","dateModified":"2024-05-23T14:10:23+00:00","mainEntityOfPage":{"@id":"https:\/\/restaurarios.es\/espacios-de-gobernanza-para-la-adaptacion-al-cambio-global-en-rios-mediterraneos-el-proyecto-redapta-en-las-cuencas-de-los-rios-tordera-y-serpis\/"},"wordCount":301,"publisher":{"@id":"https:\/\/restaurarios.es\/#organization"},"image":{"@id":"https:\/\/restaurarios.es\/espacios-de-gobernanza-para-la-adaptacion-al-cambio-global-en-rios-mediterraneos-el-proyecto-redapta-en-las-cuencas-de-los-rios-tordera-y-serpis\/#primaryimage"},"thumbnailUrl":"https:\/\/restaurarios.es\/wp-content\/uploads\/2022\/07\/restaurarios-02-portada-pichi.jpg","keywords":["Adaptaci\u00f3n","Cambio clim\u00e1tico","Co-dise\u00f1o","Gobernanza","Plataforma-multisectorial"],"articleSection":["Volumen 2 (2021)"],"inLanguage":"en-GB"},{"@type":"WebPage","@id":"https:\/\/restaurarios.es\/espacios-de-gobernanza-para-la-adaptacion-al-cambio-global-en-rios-mediterraneos-el-proyecto-redapta-en-las-cuencas-de-los-rios-tordera-y-serpis\/","url":"https:\/\/restaurarios.es\/espacios-de-gobernanza-para-la-adaptacion-al-cambio-global-en-rios-mediterraneos-el-proyecto-redapta-en-las-cuencas-de-los-rios-tordera-y-serpis\/","name":"Espacios de gobernanza para la adaptaci\u00f3n al cambio global en r\u00edos mediterr\u00e1neos: el proyecto REDAPTA en las cuencas de los r\u00edos Tordera y Serpis - Revista RestauraRios - CIREF","isPartOf":{"@id":"https:\/\/restaurarios.es\/#website"},"primaryImageOfPage":{"@id":"https:\/\/restaurarios.es\/espacios-de-gobernanza-para-la-adaptacion-al-cambio-global-en-rios-mediterraneos-el-proyecto-redapta-en-las-cuencas-de-los-rios-tordera-y-serpis\/#primaryimage"},"image":{"@id":"https:\/\/restaurarios.es\/espacios-de-gobernanza-para-la-adaptacion-al-cambio-global-en-rios-mediterraneos-el-proyecto-redapta-en-las-cuencas-de-los-rios-tordera-y-serpis\/#primaryimage"},"thumbnailUrl":"https:\/\/restaurarios.es\/wp-content\/uploads\/2022\/07\/restaurarios-02-portada-pichi.jpg","datePublished":"2022-09-10T10:41:00+00:00","dateModified":"2024-05-23T14:10:23+00:00","breadcrumb":{"@id":"https:\/\/restaurarios.es\/espacios-de-gobernanza-para-la-adaptacion-al-cambio-global-en-rios-mediterraneos-el-proyecto-redapta-en-las-cuencas-de-los-rios-tordera-y-serpis\/#breadcrumb"},"inLanguage":"en-GB","potentialAction":[{"@type":"ReadAction","target":["https:\/\/restaurarios.es\/espacios-de-gobernanza-para-la-adaptacion-al-cambio-global-en-rios-mediterraneos-el-proyecto-redapta-en-las-cuencas-de-los-rios-tordera-y-serpis\/"]}]},{"@type":"ImageObject","inLanguage":"en-GB","@id":"https:\/\/restaurarios.es\/espacios-de-gobernanza-para-la-adaptacion-al-cambio-global-en-rios-mediterraneos-el-proyecto-redapta-en-las-cuencas-de-los-rios-tordera-y-serpis\/#primaryimage","url":"https:\/\/restaurarios.es\/wp-content\/uploads\/2022\/07\/restaurarios-02-portada-pichi.jpg","contentUrl":"https:\/\/restaurarios.es\/wp-content\/uploads\/2022\/07\/restaurarios-02-portada-pichi.jpg","width":640,"height":904,"caption":"Portada revista 2"},{"@type":"BreadcrumbList","@id":"https:\/\/restaurarios.es\/espacios-de-gobernanza-para-la-adaptacion-al-cambio-global-en-rios-mediterraneos-el-proyecto-redapta-en-las-cuencas-de-los-rios-tordera-y-serpis\/#breadcrumb","itemListElement":[{"@type":"ListItem","position":1,"name":"Portada","item":"https:\/\/restaurarios.es\/"},{"@type":"ListItem","position":2,"name":"Espacios de gobernanza para la adaptaci\u00f3n al cambio global en r\u00edos mediterr\u00e1neos: el proyecto REDAPTA en las cuencas de los r\u00edos Tordera y Serpis"}]},{"@type":"WebSite","@id":"https:\/\/restaurarios.es\/#website","url":"https:\/\/restaurarios.es\/","name":"Revista RestauraRios - CIREF","description":"Revista de conservaci\u00f3n y restauraci\u00f3n fluvial","publisher":{"@id":"https:\/\/restaurarios.es\/#organization"},"potentialAction":[{"@type":"SearchAction","target":{"@type":"EntryPoint","urlTemplate":"https:\/\/restaurarios.es\/?s={search_term_string}"},"query-input":{"@type":"PropertyValueSpecification","valueRequired":true,"valueName":"search_term_string"}}],"inLanguage":"en-GB"},{"@type":"Organization","@id":"https:\/\/restaurarios.es\/#organization","name":"Revista RestauraRios - CIREF","url":"https:\/\/restaurarios.es\/","logo":{"@type":"ImageObject","inLanguage":"en-GB","@id":"https:\/\/restaurarios.es\/#\/schema\/logo\/image\/","url":"https:\/\/restaurarios.es\/wp-content\/uploads\/2022\/07\/cabecera-960px.jpg","contentUrl":"https:\/\/restaurarios.es\/wp-content\/uploads\/2022\/07\/cabecera-960px.jpg","width":960,"height":214,"caption":"Revista RestauraRios - CIREF"},"image":{"@id":"https:\/\/restaurarios.es\/#\/schema\/logo\/image\/"}},{"@type":"Person","@id":"https:\/\/restaurarios.es\/#\/schema\/person\/9c0a72e763764be8ca350ac61d81581d","name":"fixer","image":{"@type":"ImageObject","inLanguage":"en-GB","@id":"https:\/\/restaurarios.es\/#\/schema\/person\/image\/","url":"https:\/\/secure.gravatar.com\/avatar\/56f32ef8ea937be7ae878c3db40e980c3e945311aa3045db59fa797cc9ae49ab?s=96&d=mm&r=g","contentUrl":"https:\/\/secure.gravatar.com\/avatar\/56f32ef8ea937be7ae878c3db40e980c3e945311aa3045db59fa797cc9ae49ab?s=96&d=mm&r=g","caption":"fixer"},"sameAs":["http:\/\/cirefluvial.com\/nuevarevista"],"url":"https:\/\/restaurarios.es\/en\/author\/fixer\/"}]}},"_links":{"self":[{"href":"https:\/\/restaurarios.es\/en\/wp-json\/wp\/v2\/posts\/16","targetHints":{"allow":["GET"]}}],"collection":[{"href":"https:\/\/restaurarios.es\/en\/wp-json\/wp\/v2\/posts"}],"about":[{"href":"https:\/\/restaurarios.es\/en\/wp-json\/wp\/v2\/types\/post"}],"author":[{"embeddable":true,"href":"https:\/\/restaurarios.es\/en\/wp-json\/wp\/v2\/users\/1"}],"replies":[{"embeddable":true,"href":"https:\/\/restaurarios.es\/en\/wp-json\/wp\/v2\/comments?post=16"}],"version-history":[{"count":5,"href":"https:\/\/restaurarios.es\/en\/wp-json\/wp\/v2\/posts\/16\/revisions"}],"predecessor-version":[{"id":376,"href":"https:\/\/restaurarios.es\/en\/wp-json\/wp\/v2\/posts\/16\/revisions\/376"}],"wp:featuredmedia":[{"embeddable":true,"href":"https:\/\/restaurarios.es\/en\/wp-json\/wp\/v2\/media\/15"}],"wp:attachment":[{"href":"https:\/\/restaurarios.es\/en\/wp-json\/wp\/v2\/media?parent=16"}],"wp:term":[{"taxonomy":"category","embeddable":true,"href":"https:\/\/restaurarios.es\/en\/wp-json\/wp\/v2\/categories?post=16"},{"taxonomy":"post_tag","embeddable":true,"href":"https:\/\/restaurarios.es\/en\/wp-json\/wp\/v2\/tags?post=16"}],"curies":[{"name":"wp","href":"https:\/\/api.w.org\/{rel}","templated":true}]}}