{"id":365,"date":"2024-05-21T09:02:53","date_gmt":"2024-05-21T09:02:53","guid":{"rendered":"https:\/\/restaurarios.es\/?p=365"},"modified":"2024-05-22T10:06:45","modified_gmt":"2024-05-22T10:06:45","slug":"valor-economico-de-los-servicios-ecosistemicos-asociados-a-los-corredoresfluviales-atlanticos-en-el-noroeste-de-la-peninsula-iberica","status":"publish","type":"post","link":"https:\/\/restaurarios.es\/en\/valor-economico-de-los-servicios-ecosistemicos-asociados-a-los-corredoresfluviales-atlanticos-en-el-noroeste-de-la-peninsula-iberica\/","title":{"rendered":"Economic Value of Ecosystem Services Associated with Atlantic River Corridors in the Northwest of the Iberian Peninsula"},"content":{"rendered":"<p>Valuing the benefits of conserving river corridors is essential to recognize the contribution of this natural capital to our well-being. This study aims to quantify the economic value of welfare improvements from the restoration of Atlantic River corridor habitats in Natura 2000 Network sites in the northwest Iberian Peninsula included in the LIFE Fluvial project. The contingent valuation method was used to estimate a discrete choice econometric model of willingness to pay for actions that protect ecosystem benefits associated with riparian forest restoration, and more than 600 residents and visitors in four major project areas were surveyed in 2021. The average willingness to pay was almost \u20ac 53 per resident and year (annual benefit to residents for the use, enjoyment and knowledge of the ecosystem services provided by these sites) and \u20ac 42 per visitor and year. By extrapolating these values to the population and visitors of the most representative sample areas we got an economic value for this type of conservation action of 4.2 million euros per year, much higher than the cost of implementing the entire project (3.03 million euros).<\/p>","protected":false},"excerpt":{"rendered":"","protected":false},"author":1,"featured_media":364,"comment_status":"closed","ping_status":"closed","sticky":false,"template":"","format":"standard","meta":{"_acf_changed":false,"footnotes":""},"categories":[27],"tags":[30,29,32,19],"class_list":["post-365","post","type-post","status-publish","format-standard","has-post-thumbnail","hentry","category-volumen-3-2024","tag-bienestar-humano","tag-restauracion","tag-valoracion-contingente","tag-vegetacion-riberena"],"acf":[],"gutentor_comment":0,"yoast_head":"<!-- This site is optimized with the Yoast SEO plugin v23.8 - https:\/\/yoast.com\/wordpress\/plugins\/seo\/ -->\n<title>Valor econ\u00f3mico de los servicios ecosist\u00e9micos asociados a los corredoresfluviales atl\u00e1nticos en el noroeste de la Pen\u00ednsula Ib\u00e9rica - Revista RestauraRios - CIREF<\/title>\n<meta name=\"robots\" content=\"index, follow, max-snippet:-1, max-image-preview:large, max-video-preview:-1\" \/>\n<link rel=\"canonical\" href=\"https:\/\/restaurarios.es\/en\/valor-economico-de-los-servicios-ecosistemicos-asociados-a-los-corredoresfluviales-atlanticos-en-el-noroeste-de-la-peninsula-iberica\/\" \/>\n<meta property=\"og:locale\" content=\"en_GB\" \/>\n<meta property=\"og:type\" content=\"article\" \/>\n<meta property=\"og:title\" content=\"Valor econ\u00f3mico de los servicios ecosist\u00e9micos asociados a los corredoresfluviales atl\u00e1nticos en el noroeste de la Pen\u00ednsula Ib\u00e9rica - Revista RestauraRios - CIREF\" \/>\n<meta property=\"og:url\" content=\"https:\/\/restaurarios.es\/en\/valor-economico-de-los-servicios-ecosistemicos-asociados-a-los-corredoresfluviales-atlanticos-en-el-noroeste-de-la-peninsula-iberica\/\" \/>\n<meta property=\"og:site_name\" content=\"Revista RestauraRios - CIREF\" \/>\n<meta property=\"article:published_time\" content=\"2024-05-21T09:02:53+00:00\" \/>\n<meta property=\"article:modified_time\" content=\"2024-05-22T10:06:45+00:00\" \/>\n<meta property=\"og:image\" content=\"https:\/\/restaurarios.es\/wp-content\/uploads\/2024\/05\/Restaurarios-Portada-3-pichi.jpg\" \/>\n\t<meta property=\"og:image:width\" content=\"640\" \/>\n\t<meta property=\"og:image:height\" content=\"905\" \/>\n\t<meta property=\"og:image:type\" content=\"image\/jpeg\" \/>\n<meta name=\"author\" content=\"fixer\" \/>\n<meta name=\"twitter:card\" content=\"summary_large_image\" \/>\n<meta name=\"twitter:label1\" content=\"Written by\" \/>\n\t<meta name=\"twitter:data1\" content=\"fixer\" \/>\n\t<meta name=\"twitter:label2\" content=\"Estimated reading time\" \/>\n\t<meta name=\"twitter:data2\" content=\"1 minute\" \/>\n<script type=\"application\/ld+json\" class=\"yoast-schema-graph\">{\"@context\":\"https:\/\/schema.org\",\"@graph\":[{\"@type\":\"Article\",\"@id\":\"https:\/\/restaurarios.es\/en\/valor-economico-de-los-servicios-ecosistemicos-asociados-a-los-corredoresfluviales-atlanticos-en-el-noroeste-de-la-peninsula-iberica\/#article\",\"isPartOf\":{\"@id\":\"https:\/\/restaurarios.es\/en\/valor-economico-de-los-servicios-ecosistemicos-asociados-a-los-corredoresfluviales-atlanticos-en-el-noroeste-de-la-peninsula-iberica\/\"},\"author\":{\"name\":\"fixer\",\"@id\":\"https:\/\/restaurarios.es\/#\/schema\/person\/9c0a72e763764be8ca350ac61d81581d\"},\"headline\":\"Valor econ\u00f3mico de los servicios ecosist\u00e9micos asociados a los corredoresfluviales atl\u00e1nticos en el noroeste de la Pen\u00ednsula Ib\u00e9rica\",\"datePublished\":\"2024-05-21T09:02:53+00:00\",\"dateModified\":\"2024-05-22T10:06:45+00:00\",\"mainEntityOfPage\":{\"@id\":\"https:\/\/restaurarios.es\/en\/valor-economico-de-los-servicios-ecosistemicos-asociados-a-los-corredoresfluviales-atlanticos-en-el-noroeste-de-la-peninsula-iberica\/\"},\"wordCount\":243,\"publisher\":{\"@id\":\"https:\/\/restaurarios.es\/#organization\"},\"image\":{\"@id\":\"https:\/\/restaurarios.es\/en\/valor-economico-de-los-servicios-ecosistemicos-asociados-a-los-corredoresfluviales-atlanticos-en-el-noroeste-de-la-peninsula-iberica\/#primaryimage\"},\"thumbnailUrl\":\"https:\/\/restaurarios.es\/wp-content\/uploads\/2024\/05\/Restaurarios-Portada-3-pichi.jpg\",\"keywords\":[\"Bienestar humano\",\"Restauraci\u00f3n\",\"Valoraci\u00f3n contingente\",\"Vegetaci\u00f3n ribere\u00f1a\"],\"articleSection\":[\"Volumen 3 (2024)\"],\"inLanguage\":\"en-GB\"},{\"@type\":\"WebPage\",\"@id\":\"https:\/\/restaurarios.es\/en\/valor-economico-de-los-servicios-ecosistemicos-asociados-a-los-corredoresfluviales-atlanticos-en-el-noroeste-de-la-peninsula-iberica\/\",\"url\":\"https:\/\/restaurarios.es\/en\/valor-economico-de-los-servicios-ecosistemicos-asociados-a-los-corredoresfluviales-atlanticos-en-el-noroeste-de-la-peninsula-iberica\/\",\"name\":\"Valor econ\u00f3mico de los servicios ecosist\u00e9micos asociados a los corredoresfluviales atl\u00e1nticos en el noroeste de la Pen\u00ednsula Ib\u00e9rica - Revista RestauraRios - CIREF\",\"isPartOf\":{\"@id\":\"https:\/\/restaurarios.es\/#website\"},\"primaryImageOfPage\":{\"@id\":\"https:\/\/restaurarios.es\/en\/valor-economico-de-los-servicios-ecosistemicos-asociados-a-los-corredoresfluviales-atlanticos-en-el-noroeste-de-la-peninsula-iberica\/#primaryimage\"},\"image\":{\"@id\":\"https:\/\/restaurarios.es\/en\/valor-economico-de-los-servicios-ecosistemicos-asociados-a-los-corredoresfluviales-atlanticos-en-el-noroeste-de-la-peninsula-iberica\/#primaryimage\"},\"thumbnailUrl\":\"https:\/\/restaurarios.es\/wp-content\/uploads\/2024\/05\/Restaurarios-Portada-3-pichi.jpg\",\"datePublished\":\"2024-05-21T09:02:53+00:00\",\"dateModified\":\"2024-05-22T10:06:45+00:00\",\"breadcrumb\":{\"@id\":\"https:\/\/restaurarios.es\/en\/valor-economico-de-los-servicios-ecosistemicos-asociados-a-los-corredoresfluviales-atlanticos-en-el-noroeste-de-la-peninsula-iberica\/#breadcrumb\"},\"inLanguage\":\"en-GB\",\"potentialAction\":[{\"@type\":\"ReadAction\",\"target\":[\"https:\/\/restaurarios.es\/en\/valor-economico-de-los-servicios-ecosistemicos-asociados-a-los-corredoresfluviales-atlanticos-en-el-noroeste-de-la-peninsula-iberica\/\"]}]},{\"@type\":\"ImageObject\",\"inLanguage\":\"en-GB\",\"@id\":\"https:\/\/restaurarios.es\/en\/valor-economico-de-los-servicios-ecosistemicos-asociados-a-los-corredoresfluviales-atlanticos-en-el-noroeste-de-la-peninsula-iberica\/#primaryimage\",\"url\":\"https:\/\/restaurarios.es\/wp-content\/uploads\/2024\/05\/Restaurarios-Portada-3-pichi.jpg\",\"contentUrl\":\"https:\/\/restaurarios.es\/wp-content\/uploads\/2024\/05\/Restaurarios-Portada-3-pichi.jpg\",\"width\":640,\"height\":905,\"caption\":\"Volumen 3\"},{\"@type\":\"BreadcrumbList\",\"@id\":\"https:\/\/restaurarios.es\/en\/valor-economico-de-los-servicios-ecosistemicos-asociados-a-los-corredoresfluviales-atlanticos-en-el-noroeste-de-la-peninsula-iberica\/#breadcrumb\",\"itemListElement\":[{\"@type\":\"ListItem\",\"position\":1,\"name\":\"Portada\",\"item\":\"https:\/\/restaurarios.es\/\"},{\"@type\":\"ListItem\",\"position\":2,\"name\":\"Valor econ\u00f3mico de los servicios ecosist\u00e9micos asociados a los corredoresfluviales atl\u00e1nticos en el noroeste de la Pen\u00ednsula Ib\u00e9rica\"}]},{\"@type\":\"WebSite\",\"@id\":\"https:\/\/restaurarios.es\/#website\",\"url\":\"https:\/\/restaurarios.es\/\",\"name\":\"Revista RestauraRios - CIREF\",\"description\":\"Revista de conservaci\u00f3n y restauraci\u00f3n fluvial\",\"publisher\":{\"@id\":\"https:\/\/restaurarios.es\/#organization\"},\"potentialAction\":[{\"@type\":\"SearchAction\",\"target\":{\"@type\":\"EntryPoint\",\"urlTemplate\":\"https:\/\/restaurarios.es\/?s={search_term_string}\"},\"query-input\":{\"@type\":\"PropertyValueSpecification\",\"valueRequired\":true,\"valueName\":\"search_term_string\"}}],\"inLanguage\":\"en-GB\"},{\"@type\":\"Organization\",\"@id\":\"https:\/\/restaurarios.es\/#organization\",\"name\":\"Revista RestauraRios - CIREF\",\"url\":\"https:\/\/restaurarios.es\/\",\"logo\":{\"@type\":\"ImageObject\",\"inLanguage\":\"en-GB\",\"@id\":\"https:\/\/restaurarios.es\/#\/schema\/logo\/image\/\",\"url\":\"https:\/\/restaurarios.es\/wp-content\/uploads\/2022\/07\/cabecera-960px.jpg\",\"contentUrl\":\"https:\/\/restaurarios.es\/wp-content\/uploads\/2022\/07\/cabecera-960px.jpg\",\"width\":960,\"height\":214,\"caption\":\"Revista RestauraRios - CIREF\"},\"image\":{\"@id\":\"https:\/\/restaurarios.es\/#\/schema\/logo\/image\/\"}},{\"@type\":\"Person\",\"@id\":\"https:\/\/restaurarios.es\/#\/schema\/person\/9c0a72e763764be8ca350ac61d81581d\",\"name\":\"fixer\",\"image\":{\"@type\":\"ImageObject\",\"inLanguage\":\"en-GB\",\"@id\":\"https:\/\/restaurarios.es\/#\/schema\/person\/image\/\",\"url\":\"https:\/\/secure.gravatar.com\/avatar\/56f32ef8ea937be7ae878c3db40e980c3e945311aa3045db59fa797cc9ae49ab?s=96&d=mm&r=g\",\"contentUrl\":\"https:\/\/secure.gravatar.com\/avatar\/56f32ef8ea937be7ae878c3db40e980c3e945311aa3045db59fa797cc9ae49ab?s=96&d=mm&r=g\",\"caption\":\"fixer\"},\"sameAs\":[\"http:\/\/cirefluvial.com\/nuevarevista\"],\"url\":\"https:\/\/restaurarios.es\/en\/author\/fixer\/\"}]}<\/script>\n<!-- \/ Yoast SEO plugin. -->","yoast_head_json":{"title":"Valor econ\u00f3mico de los servicios ecosist\u00e9micos asociados a los corredoresfluviales atl\u00e1nticos en el noroeste de la Pen\u00ednsula Ib\u00e9rica - Revista RestauraRios - CIREF","robots":{"index":"index","follow":"follow","max-snippet":"max-snippet:-1","max-image-preview":"max-image-preview:large","max-video-preview":"max-video-preview:-1"},"canonical":"https:\/\/restaurarios.es\/en\/valor-economico-de-los-servicios-ecosistemicos-asociados-a-los-corredoresfluviales-atlanticos-en-el-noroeste-de-la-peninsula-iberica\/","og_locale":"en_GB","og_type":"article","og_title":"Valor econ\u00f3mico de los servicios ecosist\u00e9micos asociados a los corredoresfluviales atl\u00e1nticos en el noroeste de la Pen\u00ednsula Ib\u00e9rica - Revista RestauraRios - CIREF","og_url":"https:\/\/restaurarios.es\/en\/valor-economico-de-los-servicios-ecosistemicos-asociados-a-los-corredoresfluviales-atlanticos-en-el-noroeste-de-la-peninsula-iberica\/","og_site_name":"Revista RestauraRios - CIREF","article_published_time":"2024-05-21T09:02:53+00:00","article_modified_time":"2024-05-22T10:06:45+00:00","og_image":[{"width":640,"height":905,"url":"https:\/\/restaurarios.es\/wp-content\/uploads\/2024\/05\/Restaurarios-Portada-3-pichi.jpg","type":"image\/jpeg"}],"author":"fixer","twitter_card":"summary_large_image","twitter_misc":{"Written by":"fixer","Estimated reading time":"1 minute"},"schema":{"@context":"https:\/\/schema.org","@graph":[{"@type":"Article","@id":"https:\/\/restaurarios.es\/en\/valor-economico-de-los-servicios-ecosistemicos-asociados-a-los-corredoresfluviales-atlanticos-en-el-noroeste-de-la-peninsula-iberica\/#article","isPartOf":{"@id":"https:\/\/restaurarios.es\/en\/valor-economico-de-los-servicios-ecosistemicos-asociados-a-los-corredoresfluviales-atlanticos-en-el-noroeste-de-la-peninsula-iberica\/"},"author":{"name":"fixer","@id":"https:\/\/restaurarios.es\/#\/schema\/person\/9c0a72e763764be8ca350ac61d81581d"},"headline":"Valor econ\u00f3mico de los servicios ecosist\u00e9micos asociados a los corredoresfluviales atl\u00e1nticos en el noroeste de la Pen\u00ednsula Ib\u00e9rica","datePublished":"2024-05-21T09:02:53+00:00","dateModified":"2024-05-22T10:06:45+00:00","mainEntityOfPage":{"@id":"https:\/\/restaurarios.es\/en\/valor-economico-de-los-servicios-ecosistemicos-asociados-a-los-corredoresfluviales-atlanticos-en-el-noroeste-de-la-peninsula-iberica\/"},"wordCount":243,"publisher":{"@id":"https:\/\/restaurarios.es\/#organization"},"image":{"@id":"https:\/\/restaurarios.es\/en\/valor-economico-de-los-servicios-ecosistemicos-asociados-a-los-corredoresfluviales-atlanticos-en-el-noroeste-de-la-peninsula-iberica\/#primaryimage"},"thumbnailUrl":"https:\/\/restaurarios.es\/wp-content\/uploads\/2024\/05\/Restaurarios-Portada-3-pichi.jpg","keywords":["Bienestar humano","Restauraci\u00f3n","Valoraci\u00f3n contingente","Vegetaci\u00f3n ribere\u00f1a"],"articleSection":["Volumen 3 (2024)"],"inLanguage":"en-GB"},{"@type":"WebPage","@id":"https:\/\/restaurarios.es\/en\/valor-economico-de-los-servicios-ecosistemicos-asociados-a-los-corredoresfluviales-atlanticos-en-el-noroeste-de-la-peninsula-iberica\/","url":"https:\/\/restaurarios.es\/en\/valor-economico-de-los-servicios-ecosistemicos-asociados-a-los-corredoresfluviales-atlanticos-en-el-noroeste-de-la-peninsula-iberica\/","name":"Valor econ\u00f3mico de los servicios ecosist\u00e9micos asociados a los corredoresfluviales atl\u00e1nticos en el noroeste de la Pen\u00ednsula Ib\u00e9rica - Revista RestauraRios - CIREF","isPartOf":{"@id":"https:\/\/restaurarios.es\/#website"},"primaryImageOfPage":{"@id":"https:\/\/restaurarios.es\/en\/valor-economico-de-los-servicios-ecosistemicos-asociados-a-los-corredoresfluviales-atlanticos-en-el-noroeste-de-la-peninsula-iberica\/#primaryimage"},"image":{"@id":"https:\/\/restaurarios.es\/en\/valor-economico-de-los-servicios-ecosistemicos-asociados-a-los-corredoresfluviales-atlanticos-en-el-noroeste-de-la-peninsula-iberica\/#primaryimage"},"thumbnailUrl":"https:\/\/restaurarios.es\/wp-content\/uploads\/2024\/05\/Restaurarios-Portada-3-pichi.jpg","datePublished":"2024-05-21T09:02:53+00:00","dateModified":"2024-05-22T10:06:45+00:00","breadcrumb":{"@id":"https:\/\/restaurarios.es\/en\/valor-economico-de-los-servicios-ecosistemicos-asociados-a-los-corredoresfluviales-atlanticos-en-el-noroeste-de-la-peninsula-iberica\/#breadcrumb"},"inLanguage":"en-GB","potentialAction":[{"@type":"ReadAction","target":["https:\/\/restaurarios.es\/en\/valor-economico-de-los-servicios-ecosistemicos-asociados-a-los-corredoresfluviales-atlanticos-en-el-noroeste-de-la-peninsula-iberica\/"]}]},{"@type":"ImageObject","inLanguage":"en-GB","@id":"https:\/\/restaurarios.es\/en\/valor-economico-de-los-servicios-ecosistemicos-asociados-a-los-corredoresfluviales-atlanticos-en-el-noroeste-de-la-peninsula-iberica\/#primaryimage","url":"https:\/\/restaurarios.es\/wp-content\/uploads\/2024\/05\/Restaurarios-Portada-3-pichi.jpg","contentUrl":"https:\/\/restaurarios.es\/wp-content\/uploads\/2024\/05\/Restaurarios-Portada-3-pichi.jpg","width":640,"height":905,"caption":"Volumen 3"},{"@type":"BreadcrumbList","@id":"https:\/\/restaurarios.es\/en\/valor-economico-de-los-servicios-ecosistemicos-asociados-a-los-corredoresfluviales-atlanticos-en-el-noroeste-de-la-peninsula-iberica\/#breadcrumb","itemListElement":[{"@type":"ListItem","position":1,"name":"Portada","item":"https:\/\/restaurarios.es\/"},{"@type":"ListItem","position":2,"name":"Valor econ\u00f3mico de los servicios ecosist\u00e9micos asociados a los corredoresfluviales atl\u00e1nticos en el noroeste de la Pen\u00ednsula Ib\u00e9rica"}]},{"@type":"WebSite","@id":"https:\/\/restaurarios.es\/#website","url":"https:\/\/restaurarios.es\/","name":"Revista RestauraRios - CIREF","description":"Revista de conservaci\u00f3n y restauraci\u00f3n fluvial","publisher":{"@id":"https:\/\/restaurarios.es\/#organization"},"potentialAction":[{"@type":"SearchAction","target":{"@type":"EntryPoint","urlTemplate":"https:\/\/restaurarios.es\/?s={search_term_string}"},"query-input":{"@type":"PropertyValueSpecification","valueRequired":true,"valueName":"search_term_string"}}],"inLanguage":"en-GB"},{"@type":"Organization","@id":"https:\/\/restaurarios.es\/#organization","name":"Revista RestauraRios - CIREF","url":"https:\/\/restaurarios.es\/","logo":{"@type":"ImageObject","inLanguage":"en-GB","@id":"https:\/\/restaurarios.es\/#\/schema\/logo\/image\/","url":"https:\/\/restaurarios.es\/wp-content\/uploads\/2022\/07\/cabecera-960px.jpg","contentUrl":"https:\/\/restaurarios.es\/wp-content\/uploads\/2022\/07\/cabecera-960px.jpg","width":960,"height":214,"caption":"Revista RestauraRios - CIREF"},"image":{"@id":"https:\/\/restaurarios.es\/#\/schema\/logo\/image\/"}},{"@type":"Person","@id":"https:\/\/restaurarios.es\/#\/schema\/person\/9c0a72e763764be8ca350ac61d81581d","name":"fixer","image":{"@type":"ImageObject","inLanguage":"en-GB","@id":"https:\/\/restaurarios.es\/#\/schema\/person\/image\/","url":"https:\/\/secure.gravatar.com\/avatar\/56f32ef8ea937be7ae878c3db40e980c3e945311aa3045db59fa797cc9ae49ab?s=96&d=mm&r=g","contentUrl":"https:\/\/secure.gravatar.com\/avatar\/56f32ef8ea937be7ae878c3db40e980c3e945311aa3045db59fa797cc9ae49ab?s=96&d=mm&r=g","caption":"fixer"},"sameAs":["http:\/\/cirefluvial.com\/nuevarevista"],"url":"https:\/\/restaurarios.es\/en\/author\/fixer\/"}]}},"_links":{"self":[{"href":"https:\/\/restaurarios.es\/en\/wp-json\/wp\/v2\/posts\/365","targetHints":{"allow":["GET"]}}],"collection":[{"href":"https:\/\/restaurarios.es\/en\/wp-json\/wp\/v2\/posts"}],"about":[{"href":"https:\/\/restaurarios.es\/en\/wp-json\/wp\/v2\/types\/post"}],"author":[{"embeddable":true,"href":"https:\/\/restaurarios.es\/en\/wp-json\/wp\/v2\/users\/1"}],"replies":[{"embeddable":true,"href":"https:\/\/restaurarios.es\/en\/wp-json\/wp\/v2\/comments?post=365"}],"version-history":[{"count":7,"href":"https:\/\/restaurarios.es\/en\/wp-json\/wp\/v2\/posts\/365\/revisions"}],"predecessor-version":[{"id":373,"href":"https:\/\/restaurarios.es\/en\/wp-json\/wp\/v2\/posts\/365\/revisions\/373"}],"wp:featuredmedia":[{"embeddable":true,"href":"https:\/\/restaurarios.es\/en\/wp-json\/wp\/v2\/media\/364"}],"wp:attachment":[{"href":"https:\/\/restaurarios.es\/en\/wp-json\/wp\/v2\/media?parent=365"}],"wp:term":[{"taxonomy":"category","embeddable":true,"href":"https:\/\/restaurarios.es\/en\/wp-json\/wp\/v2\/categories?post=365"},{"taxonomy":"post_tag","embeddable":true,"href":"https:\/\/restaurarios.es\/en\/wp-json\/wp\/v2\/tags?post=365"}],"curies":[{"name":"wp","href":"https:\/\/api.w.org\/{rel}","templated":true}]}}